{"id":6497,"date":"2022-07-27T14:25:54","date_gmt":"2022-07-27T14:25:54","guid":{"rendered":"https:\/\/eu-poultry.eu\/pourquoi-la-durabilite\/"},"modified":"2022-08-25T18:45:48","modified_gmt":"2022-08-25T18:45:48","slug":"pourquoi-la-durabilite","status":"publish","type":"post","link":"https:\/\/eu-poultry.eu\/fr\/pourquoi-la-durabilite\/","title":{"rendered":"Pourquoi la durabilit\u00e9 ?"},"content":{"rendered":"\t\t<div data-elementor-type=\"wp-post\" data-elementor-id=\"6497\" class=\"elementor elementor-6497 elementor-6312\" data-elementor-post-type=\"post\">\n\t\t\t\t\t\t\t\t\t<section class=\"elementor-section elementor-top-section elementor-element elementor-element-2f830de elementor-section-boxed elementor-section-height-default elementor-section-height-default\" data-id=\"2f830de\" data-element_type=\"section\">\n\t\t\t\t\t\t<div class=\"elementor-container elementor-column-gap-default\">\n\t\t\t\t\t<div class=\"elementor-column elementor-col-100 elementor-top-column elementor-element elementor-element-04616f2\" data-id=\"04616f2\" data-element_type=\"column\">\n\t\t\t<div class=\"elementor-widget-wrap elementor-element-populated\">\n\t\t\t\t\t\t\t\t<div class=\"elementor-element elementor-element-064b3ce elementor-widget elementor-widget-heading\" data-id=\"064b3ce\" data-element_type=\"widget\" data-widget_type=\"heading.default\">\n\t\t\t\t<div class=\"elementor-widget-container\">\n\t\t\t<style>\/*! elementor - v3.18.0 - 20-12-2023 *\/\n.elementor-heading-title{padding:0;margin:0;line-height:1}.elementor-widget-heading .elementor-heading-title[class*=elementor-size-]>a{color:inherit;font-size:inherit;line-height:inherit}.elementor-widget-heading .elementor-heading-title.elementor-size-small{font-size:15px}.elementor-widget-heading .elementor-heading-title.elementor-size-medium{font-size:19px}.elementor-widget-heading .elementor-heading-title.elementor-size-large{font-size:29px}.elementor-widget-heading .elementor-heading-title.elementor-size-xl{font-size:39px}.elementor-widget-heading .elementor-heading-title.elementor-size-xxl{font-size:59px}<\/style><h2 class=\"elementor-heading-title elementor-size-default\">Pourquoi la durabilit\u00e9 ?<\/h2>\t\t<\/div>\n\t\t\t\t<\/div>\n\t\t\t\t\t<\/div>\n\t\t<\/div>\n\t\t\t\t\t\t\t<\/div>\n\t\t<\/section>\n\t\t\t\t<section class=\"elementor-section elementor-top-section elementor-element elementor-element-ed7c487 elementor-hidden-laptop elementor-hidden-tablet_extra elementor-hidden-tablet elementor-hidden-mobile_extra elementor-hidden-mobile elementor-section-boxed elementor-section-height-default elementor-section-height-default\" data-id=\"ed7c487\" data-element_type=\"section\">\n\t\t\t\t\t\t<div class=\"elementor-container elementor-column-gap-default\">\n\t\t\t\t\t<div class=\"elementor-column elementor-col-50 elementor-top-column elementor-element elementor-element-7bc58f2\" data-id=\"7bc58f2\" data-element_type=\"column\">\n\t\t\t<div class=\"elementor-widget-wrap elementor-element-populated\">\n\t\t\t\t\t\t\t\t<div class=\"elementor-element elementor-element-2718fa0 elementor-widget elementor-widget-text-editor\" data-id=\"2718fa0\" data-element_type=\"widget\" data-widget_type=\"text-editor.default\">\n\t\t\t\t<div class=\"elementor-widget-container\">\n\t\t\t<style>\/*! elementor - v3.18.0 - 20-12-2023 *\/\n.elementor-widget-text-editor.elementor-drop-cap-view-stacked .elementor-drop-cap{background-color:#69727d;color:#fff}.elementor-widget-text-editor.elementor-drop-cap-view-framed .elementor-drop-cap{color:#69727d;border:3px solid;background-color:transparent}.elementor-widget-text-editor:not(.elementor-drop-cap-view-default) .elementor-drop-cap{margin-top:8px}.elementor-widget-text-editor:not(.elementor-drop-cap-view-default) .elementor-drop-cap-letter{width:1em;height:1em}.elementor-widget-text-editor .elementor-drop-cap{float:left;text-align:center;line-height:1;font-size:50px}.elementor-widget-text-editor .elementor-drop-cap-letter{display:inline-block}<\/style>\t\t\t\t<p>Lorsque nous entendons le mot \u00ab durabilit\u00e9 \u00bb nous avons tendance \u00e0 imaginer une feuille verte ou un moulin \u00e0 vent. Cependant, la durabilit\u00e9 est un concept tellement ample qu&rsquo;il signifie bien plus que de prendre soin de l&rsquo;environnement. En fait, nous disons que quelque chose est durable lorsqu&rsquo;elle contribue de mani\u00e8re favorable (ou neutre) \u00e0 notre plan\u00e8te, notre soci\u00e9t\u00e9 et notre \u00e9conomie.<\/p><p>Alors, pourquoi le secteur europ\u00e9en de la volaille est-il consid\u00e9r\u00e9 comme un secteur durable\u00a0? Cela est d\u00fb aux efforts consid\u00e9rables que les agriculteurs europ\u00e9ens et tous les acteurs de la cha\u00eene de production d\u00e9ploient chaque jour pour contribuer aux trois piliers de la durabilit\u00e9 : environnement, soci\u00e9t\u00e9, \u00e9conomie. Au fil des ans, la recherche continue d&rsquo;innovations et d&rsquo;am\u00e9liorations technologiques sur le terrain, ainsi que le respect des normes europ\u00e9ennes exigeantes, ont permis au secteur europ\u00e9en de la volaille de s&rsquo;engager pleinement \u00e0 devenir de plus en plus durable.<\/p><p>\u00a0<\/p><p>Tout d&rsquo;abord, le secteur s&rsquo;efforce d&rsquo;\u00eatre aussi neutre que possible sur le plan environnemental. Ceci s\u2019appuie sur la directive europ\u00e9enne relative aux \u00e9missions industrielles, qui contient des r\u00e8gles strictes pour contr\u00f4ler le niveau maximal d&rsquo;\u00e9missions environnementales dans la production de viande de volaille. Ces exigences s&rsquo;appliquent tant aux fermes qu\u2019aux abattoirs. En outre, le secteur avicole de l\u2019UE utilise les derni\u00e8res d\u00e9couvertes scientifiques et les technologies de pointe pour am\u00e9liorer en permanence la durabilit\u00e9 et l\u2019impact environnemental. Enfin, par rapport \u00e0 d\u2019autres denr\u00e9es alimentaires, l\u2019empreinte carbone et la consommation d\u2019eau de la viande de volaille sont faibles et les producteurs de volaille de l&rsquo;UE s&rsquo;efforcent d&rsquo;optimiser l&rsquo;utilisation des ressources naturelles.<\/p><p>Deuxi\u00e8mement, le secteur europ\u00e9en de la volaille est respectueux des personnes et des animaux. En termes de bien-\u00eatre animal, le secteur suit des r\u00e9glementations assez strictes pour garantir la sant\u00e9 et le bien-\u00eatre des animaux. Cela signifie que les exploitations avicoles disposent de technologies innovantes telles que le contr\u00f4le des conditions d\u2019alimentation, de temp\u00e9rature et de poids, n\u00e9cessaires pour garantir la sant\u00e9 des animaux. D\u2019autre part, il s\u2019agit d\u2019un secteur engag\u00e9 dans la s\u00e9curit\u00e9 et la qualit\u00e9 des aliments, offrant aux consommateurs un produit s\u00fbr, polyvalent, nutritif et d\u00e9licieux qui constitue un \u00e9l\u00e9ment fondamental d\u2019un r\u00e9gime alimentaire \u00e9quilibr\u00e9.<\/p><p>Enfin, dans le prolongement du troisi\u00e8me pilier de la durabilit\u00e9 &#8211; l&rsquo;\u00e9conomie, le secteur avicole europ\u00e9en favorise la croissance \u00e9conomique et renforce les communaut\u00e9s locales en cr\u00e9ant plus de 370 000 emplois directs dans les zones rurales et semi-rurales d&rsquo;Europe. De plus, les femmes sont de plus en plus nombreuses \u00e0 occuper tous types d&#8217;emplois dans la cha\u00eene de production, ce qui favorise l&rsquo;\u00e9galit\u00e9 des chances entre les sexes dans le monde du travail.<\/p><p>Le secteur avicole europ\u00e9en soutient ainsi la strat\u00e9gie europ\u00e9enne \u00ab de la ferme \u00e0 la fourchette \u00bb, qui vise \u00e0 mettre en place un syst\u00e8me alimentaire plus durable, plus sain et plus \u00e9quitable.<\/p>\t\t\t\t\t\t<\/div>\n\t\t\t\t<\/div>\n\t\t\t\t\t<\/div>\n\t\t<\/div>\n\t\t\t\t<div class=\"elementor-column elementor-col-50 elementor-top-column elementor-element elementor-element-f3e7bc2\" data-id=\"f3e7bc2\" data-element_type=\"column\">\n\t\t\t<div class=\"elementor-widget-wrap elementor-element-populated\">\n\t\t\t\t\t\t\t\t<div class=\"elementor-element elementor-element-cecd771 elementor-widget elementor-widget-image\" data-id=\"cecd771\" data-element_type=\"widget\" data-widget_type=\"image.default\">\n\t\t\t\t<div class=\"elementor-widget-container\">\n\t\t\t<style>\/*! elementor - v3.18.0 - 20-12-2023 *\/\n.elementor-widget-image{text-align:center}.elementor-widget-image a{display:inline-block}.elementor-widget-image a img[src$=\".svg\"]{width:48px}.elementor-widget-image img{vertical-align:middle;display:inline-block}<\/style>\t\t\t\t\t\t\t\t\t\t\t\t<img fetchpriority=\"high\" decoding=\"async\" width=\"580\" height=\"870\" src=\"https:\/\/eu-poultry.eu\/wp-content\/uploads\/2022\/07\/pexels-cottonbro-4911703-683x1024.jpg\" class=\"attachment-large size-large wp-image-6315\" alt=\"\" srcset=\"https:\/\/eu-poultry.eu\/wp-content\/uploads\/2022\/07\/pexels-cottonbro-4911703-683x1024.jpg 683w, https:\/\/eu-poultry.eu\/wp-content\/uploads\/2022\/07\/pexels-cottonbro-4911703-200x300.jpg 200w, https:\/\/eu-poultry.eu\/wp-content\/uploads\/2022\/07\/pexels-cottonbro-4911703-768x1152.jpg 768w, https:\/\/eu-poultry.eu\/wp-content\/uploads\/2022\/07\/pexels-cottonbro-4911703-1024x1536.jpg 1024w, https:\/\/eu-poultry.eu\/wp-content\/uploads\/2022\/07\/pexels-cottonbro-4911703-1365x2048.jpg 1365w, https:\/\/eu-poultry.eu\/wp-content\/uploads\/2022\/07\/pexels-cottonbro-4911703-1200x1800.jpg 1200w, https:\/\/eu-poultry.eu\/wp-content\/uploads\/2022\/07\/pexels-cottonbro-4911703-1980x2970.jpg 1980w, https:\/\/eu-poultry.eu\/wp-content\/uploads\/2022\/07\/pexels-cottonbro-4911703-scaled.jpg 1706w\" sizes=\"(max-width: 580px) 100vw, 580px\" \/>\t\t\t\t\t\t\t\t\t\t\t\t\t\t\t<\/div>\n\t\t\t\t<\/div>\n\t\t\t\t<div class=\"elementor-element elementor-element-33f3704 elementor-widget elementor-widget-text-editor\" data-id=\"33f3704\" data-element_type=\"widget\" data-widget_type=\"text-editor.default\">\n\t\t\t\t<div class=\"elementor-widget-container\">\n\t\t\t\t\t\t\tPicture by BVG Germany\t\t\t\t\t\t<\/div>\n\t\t\t\t<\/div>\n\t\t\t\t\t<\/div>\n\t\t<\/div>\n\t\t\t\t\t\t\t<\/div>\n\t\t<\/section>\n\t\t\t\t<section class=\"elementor-section elementor-top-section elementor-element elementor-element-cd12606 elementor-hidden-widescreen elementor-hidden-desktop elementor-hidden-tablet_extra elementor-hidden-tablet elementor-hidden-mobile_extra elementor-hidden-mobile elementor-section-boxed elementor-section-height-default elementor-section-height-default\" data-id=\"cd12606\" data-element_type=\"section\">\n\t\t\t\t\t\t<div class=\"elementor-container elementor-column-gap-default\">\n\t\t\t\t\t<div class=\"elementor-column elementor-col-50 elementor-top-column elementor-element elementor-element-4e855cc\" data-id=\"4e855cc\" data-element_type=\"column\">\n\t\t\t<div class=\"elementor-widget-wrap elementor-element-populated\">\n\t\t\t\t\t\t\t\t<div class=\"elementor-element elementor-element-753a1be elementor-widget elementor-widget-text-editor\" data-id=\"753a1be\" data-element_type=\"widget\" data-widget_type=\"text-editor.default\">\n\t\t\t\t<div class=\"elementor-widget-container\">\n\t\t\t\t\t\t\t<p>Lorsque nous entendons le mot \u00ab durabilit\u00e9 \u00bb nous avons tendance \u00e0 imaginer une feuille verte ou un moulin \u00e0 vent. Cependant, la durabilit\u00e9 est un concept tellement ample qu&rsquo;il signifie bien plus que de prendre soin de l&rsquo;environnement. En fait, nous disons que quelque chose est durable lorsqu&rsquo;elle contribue de mani\u00e8re favorable (ou neutre) \u00e0 notre plan\u00e8te, notre soci\u00e9t\u00e9 et notre \u00e9conomie.<\/p><p>Alors, pourquoi le secteur europ\u00e9en de la volaille est-il consid\u00e9r\u00e9 comme un secteur durable\u00a0? Cela est d\u00fb aux efforts consid\u00e9rables que les agriculteurs europ\u00e9ens et tous les acteurs de la cha\u00eene de production d\u00e9ploient chaque jour pour contribuer aux trois piliers de la durabilit\u00e9 : environnement, soci\u00e9t\u00e9, \u00e9conomie. Au fil des ans, la recherche continue d&rsquo;innovations et d&rsquo;am\u00e9liorations technologiques sur le terrain, ainsi que le respect des normes europ\u00e9ennes exigeantes, ont permis au secteur europ\u00e9en de la volaille de s&rsquo;engager pleinement \u00e0 devenir de plus en plus durable.<\/p><p>Tout d&rsquo;abord, le secteur s&rsquo;efforce d&rsquo;\u00eatre aussi neutre que possible sur le plan environnemental. Ceci s\u2019appuie sur la directive europ\u00e9enne relative aux \u00e9missions industrielles, qui contient des r\u00e8gles strictes pour contr\u00f4ler le niveau maximal d&rsquo;\u00e9missions environnementales dans la production de viande de volaille. Ces exigences s&rsquo;appliquent tant aux fermes qu\u2019aux abattoirs. En outre, le secteur avicole de l\u2019UE utilise les derni\u00e8res d\u00e9couvertes scientifiques et les technologies de pointe pour am\u00e9liorer en permanence la durabilit\u00e9 et l\u2019impact environnemental. Enfin, par rapport \u00e0 d\u2019autres denr\u00e9es alimentaires, l\u2019empreinte carbone et la consommation d\u2019eau de la viande de volaille sont faibles et les producteurs de volaille de l&rsquo;UE s&rsquo;efforcent d&rsquo;optimiser l&rsquo;utilisation des ressources naturelles.<\/p><p>Deuxi\u00e8mement, le secteur europ\u00e9en de la volaille est respectueux des personnes et des animaux. En termes de bien-\u00eatre animal, le secteur suit des r\u00e9glementations assez strictes pour garantir la sant\u00e9 et le bien-\u00eatre des animaux. Cela signifie que les exploitations avicoles disposent de technologies innovantes telles que le contr\u00f4le des conditions d\u2019alimentation, de temp\u00e9rature et de poids, n\u00e9cessaires pour garantir la sant\u00e9 des animaux. D\u2019autre part, il s\u2019agit d\u2019un secteur engag\u00e9 dans la s\u00e9curit\u00e9 et la qualit\u00e9 des aliments, offrant aux consommateurs un produit s\u00fbr, polyvalent, nutritif et d\u00e9licieux qui constitue un \u00e9l\u00e9ment fondamental d\u2019un r\u00e9gime alimentaire \u00e9quilibr\u00e9.<\/p>\t\t\t\t\t\t<\/div>\n\t\t\t\t<\/div>\n\t\t\t\t\t<\/div>\n\t\t<\/div>\n\t\t\t\t<div class=\"elementor-column elementor-col-50 elementor-top-column elementor-element elementor-element-f0e6779\" data-id=\"f0e6779\" data-element_type=\"column\">\n\t\t\t<div class=\"elementor-widget-wrap elementor-element-populated\">\n\t\t\t\t\t\t\t\t<div class=\"elementor-element elementor-element-66c7c1c elementor-widget elementor-widget-image\" data-id=\"66c7c1c\" data-element_type=\"widget\" data-widget_type=\"image.default\">\n\t\t\t\t<div class=\"elementor-widget-container\">\n\t\t\t\t\t\t\t\t\t\t\t\t\t\t\t<img fetchpriority=\"high\" decoding=\"async\" width=\"580\" height=\"870\" src=\"https:\/\/eu-poultry.eu\/wp-content\/uploads\/2022\/07\/pexels-cottonbro-4911703-683x1024.jpg\" class=\"attachment-large size-large wp-image-6315\" alt=\"\" srcset=\"https:\/\/eu-poultry.eu\/wp-content\/uploads\/2022\/07\/pexels-cottonbro-4911703-683x1024.jpg 683w, https:\/\/eu-poultry.eu\/wp-content\/uploads\/2022\/07\/pexels-cottonbro-4911703-200x300.jpg 200w, https:\/\/eu-poultry.eu\/wp-content\/uploads\/2022\/07\/pexels-cottonbro-4911703-768x1152.jpg 768w, https:\/\/eu-poultry.eu\/wp-content\/uploads\/2022\/07\/pexels-cottonbro-4911703-1024x1536.jpg 1024w, https:\/\/eu-poultry.eu\/wp-content\/uploads\/2022\/07\/pexels-cottonbro-4911703-1365x2048.jpg 1365w, https:\/\/eu-poultry.eu\/wp-content\/uploads\/2022\/07\/pexels-cottonbro-4911703-1200x1800.jpg 1200w, https:\/\/eu-poultry.eu\/wp-content\/uploads\/2022\/07\/pexels-cottonbro-4911703-1980x2970.jpg 1980w, https:\/\/eu-poultry.eu\/wp-content\/uploads\/2022\/07\/pexels-cottonbro-4911703-scaled.jpg 1706w\" sizes=\"(max-width: 580px) 100vw, 580px\" \/>\t\t\t\t\t\t\t\t\t\t\t\t\t\t\t<\/div>\n\t\t\t\t<\/div>\n\t\t\t\t<div class=\"elementor-element elementor-element-14f8910 elementor-widget elementor-widget-text-editor\" data-id=\"14f8910\" data-element_type=\"widget\" data-widget_type=\"text-editor.default\">\n\t\t\t\t<div class=\"elementor-widget-container\">\n\t\t\t\t\t\t\tPicture by BVG Germany\t\t\t\t\t\t<\/div>\n\t\t\t\t<\/div>\n\t\t\t\t\t<\/div>\n\t\t<\/div>\n\t\t\t\t\t\t\t<\/div>\n\t\t<\/section>\n\t\t\t\t<section class=\"elementor-section elementor-top-section elementor-element elementor-element-36f817b elementor-hidden-widescreen elementor-hidden-desktop elementor-hidden-tablet_extra elementor-hidden-tablet elementor-hidden-mobile_extra elementor-hidden-mobile elementor-section-boxed elementor-section-height-default elementor-section-height-default\" data-id=\"36f817b\" data-element_type=\"section\">\n\t\t\t\t\t\t<div class=\"elementor-container elementor-column-gap-default\">\n\t\t\t\t\t<div class=\"elementor-column elementor-col-100 elementor-top-column elementor-element elementor-element-a200a80\" data-id=\"a200a80\" data-element_type=\"column\">\n\t\t\t<div class=\"elementor-widget-wrap elementor-element-populated\">\n\t\t\t\t\t\t\t\t<div class=\"elementor-element elementor-element-1e5ed51 elementor-widget elementor-widget-text-editor\" data-id=\"1e5ed51\" data-element_type=\"widget\" data-widget_type=\"text-editor.default\">\n\t\t\t\t<div class=\"elementor-widget-container\">\n\t\t\t\t\t\t\t<p>\u00a0<\/p><p>Enfin, dans le prolongement du troisi\u00e8me pilier de la durabilit\u00e9 &#8211; l&rsquo;\u00e9conomie, le secteur avicole europ\u00e9en favorise la croissance \u00e9conomique et renforce les communaut\u00e9s locales en cr\u00e9ant plus de 370 000 emplois directs dans les zones rurales et semi-rurales d&rsquo;Europe. De plus, les femmes sont de plus en plus nombreuses \u00e0 occuper tous types d&#8217;emplois dans la cha\u00eene de production, ce qui favorise l&rsquo;\u00e9galit\u00e9 des chances entre les sexes dans le monde du travail.<\/p><p>Le secteur avicole europ\u00e9en soutient ainsi la strat\u00e9gie europ\u00e9enne \u00ab de la ferme \u00e0 la fourchette \u00bb, qui vise \u00e0 mettre en place un syst\u00e8me alimentaire plus durable, plus sain et plus \u00e9quitable.<\/p>\t\t\t\t\t\t<\/div>\n\t\t\t\t<\/div>\n\t\t\t\t\t<\/div>\n\t\t<\/div>\n\t\t\t\t\t\t\t<\/div>\n\t\t<\/section>\n\t\t\t\t<section class=\"elementor-section elementor-top-section elementor-element elementor-element-5dbf70f elementor-hidden-widescreen elementor-hidden-desktop elementor-hidden-laptop elementor-section-boxed elementor-section-height-default elementor-section-height-default\" data-id=\"5dbf70f\" data-element_type=\"section\">\n\t\t\t\t\t\t<div class=\"elementor-container elementor-column-gap-default\">\n\t\t\t\t\t<div class=\"elementor-column elementor-col-100 elementor-top-column elementor-element elementor-element-3dd008a\" data-id=\"3dd008a\" data-element_type=\"column\">\n\t\t\t<div class=\"elementor-widget-wrap elementor-element-populated\">\n\t\t\t\t\t\t\t\t<div class=\"elementor-element elementor-element-0725aec elementor-widget elementor-widget-text-editor\" data-id=\"0725aec\" data-element_type=\"widget\" data-widget_type=\"text-editor.default\">\n\t\t\t\t<div class=\"elementor-widget-container\">\n\t\t\t\t\t\t\t<p>Lorsque nous entendons le mot \u00ab durabilit\u00e9 \u00bb nous avons tendance \u00e0 imaginer une feuille verte ou un moulin \u00e0 vent. Cependant, la durabilit\u00e9 est un concept tellement ample qu&rsquo;il signifie bien plus que de prendre soin de l&rsquo;environnement. En fait, nous disons que quelque chose est durable lorsqu&rsquo;elle contribue de mani\u00e8re favorable (ou neutre) \u00e0 notre plan\u00e8te, notre soci\u00e9t\u00e9 et notre \u00e9conomie.<\/p><p>Alors, pourquoi le secteur europ\u00e9en de la volaille est-il consid\u00e9r\u00e9 comme un secteur durable\u00a0? Cela est d\u00fb aux efforts consid\u00e9rables que les agriculteurs europ\u00e9ens et tous les acteurs de la cha\u00eene de production d\u00e9ploient chaque jour pour contribuer aux trois piliers de la durabilit\u00e9 : environnement, soci\u00e9t\u00e9, \u00e9conomie. Au fil des ans, la recherche continue d&rsquo;innovations et d&rsquo;am\u00e9liorations technologiques sur le terrain, ainsi que le respect des normes europ\u00e9ennes exigeantes, ont permis au secteur europ\u00e9en de la volaille de s&rsquo;engager pleinement \u00e0 devenir de plus en plus durable.<\/p><p>\u00a0<\/p><p>Tout d&rsquo;abord, le secteur s&rsquo;efforce d&rsquo;\u00eatre aussi neutre que possible sur le plan environnemental. Ceci s\u2019appuie sur la directive europ\u00e9enne relative aux \u00e9missions industrielles, qui contient des r\u00e8gles strictes pour contr\u00f4ler le niveau maximal d&rsquo;\u00e9missions environnementales dans la production de viande de volaille. Ces exigences s&rsquo;appliquent tant aux fermes qu\u2019aux abattoirs. En outre, le secteur avicole de l\u2019UE utilise les derni\u00e8res d\u00e9couvertes scientifiques et les technologies de pointe pour am\u00e9liorer en permanence la durabilit\u00e9 et l\u2019impact environnemental. Enfin, par rapport \u00e0 d\u2019autres denr\u00e9es alimentaires, l\u2019empreinte carbone et la consommation d\u2019eau de la viande de volaille sont faibles et les producteurs de volaille de l&rsquo;UE s&rsquo;efforcent d&rsquo;optimiser l&rsquo;utilisation des ressources naturelles.<\/p><p>Deuxi\u00e8mement, le secteur europ\u00e9en de la volaille est respectueux des personnes et des animaux. En termes de bien-\u00eatre animal, le secteur suit des r\u00e9glementations assez strictes pour garantir la sant\u00e9 et le bien-\u00eatre des animaux. Cela signifie que les exploitations avicoles disposent de technologies innovantes telles que le contr\u00f4le des conditions d\u2019alimentation, de temp\u00e9rature et de poids, n\u00e9cessaires pour garantir la sant\u00e9 des animaux. D\u2019autre part, il s\u2019agit d\u2019un secteur engag\u00e9 dans la s\u00e9curit\u00e9 et la qualit\u00e9 des aliments, offrant aux consommateurs un produit s\u00fbr, polyvalent, nutritif et d\u00e9licieux qui constitue un \u00e9l\u00e9ment fondamental d\u2019un r\u00e9gime alimentaire \u00e9quilibr\u00e9.<\/p><p>Enfin, dans le prolongement du troisi\u00e8me pilier de la durabilit\u00e9 &#8211; l&rsquo;\u00e9conomie, le secteur avicole europ\u00e9en favorise la croissance \u00e9conomique et renforce les communaut\u00e9s locales en cr\u00e9ant plus de 370 000 emplois directs dans les zones rurales et semi-rurales d&rsquo;Europe. De plus, les femmes sont de plus en plus nombreuses \u00e0 occuper tous types d&#8217;emplois dans la cha\u00eene de production, ce qui favorise l&rsquo;\u00e9galit\u00e9 des chances entre les sexes dans le monde du travail.<\/p><p>Le secteur avicole europ\u00e9en soutient ainsi la strat\u00e9gie europ\u00e9enne \u00ab de la ferme \u00e0 la fourchette \u00bb, qui vise \u00e0 mettre en place un syst\u00e8me alimentaire plus durable, plus sain et plus \u00e9quitable.<\/p>\t\t\t\t\t\t<\/div>\n\t\t\t\t<\/div>\n\t\t\t\t<div class=\"elementor-element elementor-element-9978326 elementor-widget elementor-widget-image\" data-id=\"9978326\" data-element_type=\"widget\" data-widget_type=\"image.default\">\n\t\t\t\t<div class=\"elementor-widget-container\">\n\t\t\t\t\t\t\t\t\t\t\t\t\t\t\t<img decoding=\"async\" width=\"580\" height=\"870\" src=\"https:\/\/eu-poultry.eu\/wp-content\/uploads\/2022\/07\/pexels-cottonbro-4911703-768x1152.jpg\" class=\"attachment-medium_large size-medium_large wp-image-6315\" alt=\"\" srcset=\"https:\/\/eu-poultry.eu\/wp-content\/uploads\/2022\/07\/pexels-cottonbro-4911703-768x1152.jpg 768w, https:\/\/eu-poultry.eu\/wp-content\/uploads\/2022\/07\/pexels-cottonbro-4911703-200x300.jpg 200w, https:\/\/eu-poultry.eu\/wp-content\/uploads\/2022\/07\/pexels-cottonbro-4911703-683x1024.jpg 683w, https:\/\/eu-poultry.eu\/wp-content\/uploads\/2022\/07\/pexels-cottonbro-4911703-1024x1536.jpg 1024w, https:\/\/eu-poultry.eu\/wp-content\/uploads\/2022\/07\/pexels-cottonbro-4911703-1365x2048.jpg 1365w, https:\/\/eu-poultry.eu\/wp-content\/uploads\/2022\/07\/pexels-cottonbro-4911703-1200x1800.jpg 1200w, https:\/\/eu-poultry.eu\/wp-content\/uploads\/2022\/07\/pexels-cottonbro-4911703-1980x2970.jpg 1980w, https:\/\/eu-poultry.eu\/wp-content\/uploads\/2022\/07\/pexels-cottonbro-4911703-scaled.jpg 1706w\" sizes=\"(max-width: 580px) 100vw, 580px\" \/>\t\t\t\t\t\t\t\t\t\t\t\t\t\t\t<\/div>\n\t\t\t\t<\/div>\n\t\t\t\t<div class=\"elementor-element elementor-element-7e97429 elementor-widget elementor-widget-text-editor\" data-id=\"7e97429\" data-element_type=\"widget\" data-widget_type=\"text-editor.default\">\n\t\t\t\t<div class=\"elementor-widget-container\">\n\t\t\t\t\t\t\tPicture by BVG Germany\t\t\t\t\t\t<\/div>\n\t\t\t\t<\/div>\n\t\t\t\t\t<\/div>\n\t\t<\/div>\n\t\t\t\t\t\t\t<\/div>\n\t\t<\/section>\n\t\t\t\t<section class=\"elementor-section elementor-top-section elementor-element elementor-element-add52c0 elementor-section-boxed elementor-section-height-default elementor-section-height-default\" data-id=\"add52c0\" data-element_type=\"section\">\n\t\t\t\t\t\t<div class=\"elementor-container elementor-column-gap-default\">\n\t\t\t\t\t<div class=\"elementor-column elementor-col-100 elementor-top-column elementor-element elementor-element-755ac9d\" data-id=\"755ac9d\" data-element_type=\"column\">\n\t\t\t<div class=\"elementor-widget-wrap elementor-element-populated\">\n\t\t\t\t\t\t\t\t<div class=\"elementor-element elementor-element-d01861f elementor-widget elementor-widget-text-editor\" data-id=\"d01861f\" data-element_type=\"widget\" data-widget_type=\"text-editor.default\">\n\t\t\t\t<div class=\"elementor-widget-container\">\n\t\t\t\t\t\t\t<p>\u00a0<\/p><p>Ainsi, tant le secteur europ\u00e9en de la volaille que la strat\u00e9gie \u00abde la ferme \u00e0 la fourchette\u00bb cherchent \u00e0 acc\u00e9l\u00e9rer notre transition vers un syst\u00e8me alimentaire europ\u00e9en plus sain et plus durable qui devrait :<\/p><ul><li>Avoir un impact environnemental neutre ou positif.<\/li><li>Aider \u00e0 att\u00e9nuer le changement climatique et \u00e0 s\u2019adapter \u00e0 ses effets.<\/li><li>R\u00e9pondre aux normes de qualit\u00e9 tout en garantissant la sant\u00e9 et le bien-\u00eatre des<\/li><li>Garantir la s\u00e9curit\u00e9 alimentaire, la nutrition et la sant\u00e9 publique, en veillant \u00e0 ce que chacun ait acc\u00e8s \u00e0 une alimentation suffisante, s\u00fbre, nutritive et durable.<\/li><li>Pr\u00e9server le caract\u00e8re abordable des aliments, tout en g\u00e9n\u00e9rant des rendements \u00e9conomiques plus \u00e9quitables, en favorisant la comp\u00e9titivit\u00e9 du secteur de \u00a0\u00a0\u00a0\u00a0\u00a0\u00a0\u00a0\u00a0\u00a0 l\u2019approvisionnement de l\u2019UE et en promouvant le commerce \u00e9quitable.<\/li><\/ul><p>Ainsi, \u00ab La volaille europ\u00e9enne : durablement bonne pour vous et la plan\u00e8te \u00bb n&rsquo;est pas seulement la devise de cette campagne promotionnelle, mais un message clair \u00e0 diffuser dans tous vos foyers.<\/p><p>Le secteur europ\u00e9en de la viande de volaille est convaincu que la durabilit\u00e9 est essentielle pour notre futur syst\u00e8me alimentaire. Qu&rsquo;est-ce que cela signifie pour vous ?<\/p><p>Nous voulons que cela signifie une plan\u00e8te dont nous prenons soin, une soci\u00e9t\u00e9 consciente des avantages des choix durables et une \u00e9conomie plus verte. C&rsquo;est ce que ce programme et cette campagne veulent communiquer et r\u00e9aliser, avec l&rsquo;aide et la participation de tous.<\/p>\t\t\t\t\t\t<\/div>\n\t\t\t\t<\/div>\n\t\t\t\t<div class=\"elementor-element elementor-element-7792e67 elementor-widget elementor-widget-heading\" data-id=\"7792e67\" data-element_type=\"widget\" data-widget_type=\"heading.default\">\n\t\t\t\t<div class=\"elementor-widget-container\">\n\t\t\t<h2 class=\"elementor-heading-title elementor-size-default\">Programme de promotion visant \u00e0 informer sur le secteur europ\u00e9en de la volaille durable<\/h2>\t\t<\/div>\n\t\t\t\t<\/div>\n\t\t\t\t<div class=\"elementor-element elementor-element-1248a4a elementor-widget elementor-widget-text-editor\" data-id=\"1248a4a\" data-element_type=\"widget\" data-widget_type=\"text-editor.default\">\n\t\t\t\t<div class=\"elementor-widget-container\">\n\t\t\t\t\t\t\t<p>LA VOLAILLE EU DURABLE est une campagne de promotion de deux ans soutenue par la Commission europ\u00e9enne et lanc\u00e9e par trois associations nationales de volailles et leur association fa\u00eeti\u00e8re europ\u00e9enne (d&rsquo;Allemagne, de France et d&rsquo;Espagne). L&rsquo;objectif principal est de sensibiliser les consommateurs et les professionnels europ\u00e9ens \u00e0 la durabilit\u00e9 du secteur avicole europ\u00e9en et \u00e0 la grande qualit\u00e9 de ses produits.<\/p><p>\u00a0<\/p><p>Vous trouverez plus d\u2019informations sur le projet ici<\/p><p>\u00a0<\/p><p>Vous pouvez \u00e9galement en savoir plus sur la durabilit\u00e9 du secteur en t\u00e9l\u00e9chargeant notre dossier de presse ici.<\/p>\t\t\t\t\t\t<\/div>\n\t\t\t\t<\/div>\n\t\t\t\t<div class=\"elementor-element elementor-element-809b823 elementor-align-center elementor-widget elementor-widget-button\" data-id=\"809b823\" data-element_type=\"widget\" data-widget_type=\"button.default\">\n\t\t\t\t<div class=\"elementor-widget-container\">\n\t\t\t\t\t<div class=\"elementor-button-wrapper\">\n\t\t\t<a class=\"elementor-button elementor-button-link elementor-size-lg\" href=\"https:\/\/eu-poultry.eu\/wp-content\/uploads\/2022\/07\/ENG-Press-Kit-SUST_EU_POULTRY-2706-no-QR.pdf\" target=\"_blank\">\n\t\t\t\t\t\t<span class=\"elementor-button-content-wrapper\">\n\t\t\t\t\t\t<span class=\"elementor-button-text\">T\u00e9l\u00e9charger le dossier de presse<\/span>\n\t\t<\/span>\n\t\t\t\t\t<\/a>\n\t\t<\/div>\n\t\t\t\t<\/div>\n\t\t\t\t<\/div>\n\t\t\t\t<div class=\"elementor-element elementor-element-1d54c2f elementor-widget elementor-widget-text-editor\" data-id=\"1d54c2f\" data-element_type=\"widget\" data-widget_type=\"text-editor.default\">\n\t\t\t\t<div class=\"elementor-widget-container\">\n\t\t\t\t\t\t\t<p><strong>Informations compl\u00e9mentaires<\/strong><\/p><table width=\"610\"><tbody><tr><td width=\"305\"><p><strong>CONTACT PRESSE<\/strong><\/p><p><strong>Ana Mar\u00eda Mart\u00edn<\/strong><\/p><p>ATLAS MARKETING STUDIO<\/p><p>internacional@atlasmarketingstudio.com<\/p><\/td><td width=\"305\"><p><strong>CONTACT AVEC<\/strong><\/p><p><strong>Federica Chiarella<\/strong><\/p><p>AVEC SECRETARIAT<\/p><p>fc@avec-poultry.eu<\/p><\/td><\/tr><\/tbody><\/table><p>Le contenu de la pr\u00e9sente publicit\u00e9 repr\u00e9sente uniquement l&rsquo;opinion de l&rsquo;auteur et rel\u00e8ve de sa responsabilit\u00e9 exclusive.<\/p><p>La Commission europ\u00e9enne n&rsquo;assume aucune responsabilit\u00e9 quant \u00e0 l&rsquo;utilisation qui pourrait \u00eatre faite des informations qu&rsquo;elle contient.<\/p>\t\t\t\t\t\t<\/div>\n\t\t\t\t<\/div>\n\t\t\t\t<div class=\"elementor-element elementor-element-a8f213c elementor-widget elementor-widget-text-editor\" data-id=\"a8f213c\" data-element_type=\"widget\" data-widget_type=\"text-editor.default\">\n\t\t\t\t<div class=\"elementor-widget-container\">\n\t\t\t\t\t\t\t\t\t\t\t\t\t<\/div>\n\t\t\t\t<\/div>\n\t\t\t\t\t<\/div>\n\t\t<\/div>\n\t\t\t\t\t\t\t<\/div>\n\t\t<\/section>\n\t\t\t\t\t\t\t<\/div>\n\t\t","protected":false},"excerpt":{"rendered":"<p>Pourquoi la durabilit\u00e9 ? Lorsque nous entendons le mot \u00ab durabilit\u00e9 \u00bb nous avons tendance \u00e0 imaginer une feuille verte ou un moulin \u00e0 vent. Cependant, la durabilit\u00e9 est un concept tellement ample qu&rsquo;il signifie bien plus que de prendre soin de l&rsquo;environnement. En fait, nous disons que quelque chose est durable lorsqu&rsquo;elle contribue de [&hellip;]<\/p>\n","protected":false},"author":1,"featured_media":6315,"comment_status":"open","ping_status":"open","sticky":false,"template":"elementor_header_footer","format":"standard","meta":{"wprm-recipe-roundup-name":"","wprm-recipe-roundup-description":"","footnotes":""},"categories":[1310],"tags":[],"_links":{"self":[{"href":"https:\/\/eu-poultry.eu\/fr\/wp-json\/wp\/v2\/posts\/6497"}],"collection":[{"href":"https:\/\/eu-poultry.eu\/fr\/wp-json\/wp\/v2\/posts"}],"about":[{"href":"https:\/\/eu-poultry.eu\/fr\/wp-json\/wp\/v2\/types\/post"}],"author":[{"embeddable":true,"href":"https:\/\/eu-poultry.eu\/fr\/wp-json\/wp\/v2\/users\/1"}],"replies":[{"embeddable":true,"href":"https:\/\/eu-poultry.eu\/fr\/wp-json\/wp\/v2\/comments?post=6497"}],"version-history":[{"count":11,"href":"https:\/\/eu-poultry.eu\/fr\/wp-json\/wp\/v2\/posts\/6497\/revisions"}],"predecessor-version":[{"id":9133,"href":"https:\/\/eu-poultry.eu\/fr\/wp-json\/wp\/v2\/posts\/6497\/revisions\/9133"}],"wp:featuredmedia":[{"embeddable":true,"href":"https:\/\/eu-poultry.eu\/fr\/wp-json\/wp\/v2\/media\/6315"}],"wp:attachment":[{"href":"https:\/\/eu-poultry.eu\/fr\/wp-json\/wp\/v2\/media?parent=6497"}],"wp:term":[{"taxonomy":"category","embeddable":true,"href":"https:\/\/eu-poultry.eu\/fr\/wp-json\/wp\/v2\/categories?post=6497"},{"taxonomy":"post_tag","embeddable":true,"href":"https:\/\/eu-poultry.eu\/fr\/wp-json\/wp\/v2\/tags?post=6497"}],"curies":[{"name":"wp","href":"https:\/\/api.w.org\/{rel}","templated":true}]}}