{"id":6592,"date":"2022-07-28T10:19:22","date_gmt":"2022-07-28T10:19:22","guid":{"rendered":"https:\/\/eu-poultry.eu\/das-sagen-die-daten\/"},"modified":"2022-10-07T09:27:26","modified_gmt":"2022-10-07T09:27:26","slug":"das-sagen-die-daten","status":"publish","type":"post","link":"https:\/\/eu-poultry.eu\/de\/das-sagen-die-daten\/","title":{"rendered":"Das sagen die Daten"},"content":{"rendered":"\t\t<div data-elementor-type=\"wp-post\" data-elementor-id=\"6592\" class=\"elementor elementor-6592 elementor-6432\" data-elementor-post-type=\"post\">\n\t\t\t\t\t\t\t\t\t<section class=\"elementor-section elementor-top-section elementor-element elementor-element-2f830de elementor-section-boxed elementor-section-height-default elementor-section-height-default\" data-id=\"2f830de\" data-element_type=\"section\">\n\t\t\t\t\t\t<div class=\"elementor-container elementor-column-gap-default\">\n\t\t\t\t\t<div class=\"elementor-column elementor-col-100 elementor-top-column elementor-element elementor-element-04616f2\" data-id=\"04616f2\" data-element_type=\"column\">\n\t\t\t<div class=\"elementor-widget-wrap elementor-element-populated\">\n\t\t\t\t\t\t\t\t<div class=\"elementor-element elementor-element-064b3ce elementor-widget elementor-widget-heading\" data-id=\"064b3ce\" data-element_type=\"widget\" data-widget_type=\"heading.default\">\n\t\t\t\t<div class=\"elementor-widget-container\">\n\t\t\t<style>\/*! elementor - v3.18.0 - 20-12-2023 *\/\n.elementor-heading-title{padding:0;margin:0;line-height:1}.elementor-widget-heading .elementor-heading-title[class*=elementor-size-]>a{color:inherit;font-size:inherit;line-height:inherit}.elementor-widget-heading .elementor-heading-title.elementor-size-small{font-size:15px}.elementor-widget-heading .elementor-heading-title.elementor-size-medium{font-size:19px}.elementor-widget-heading .elementor-heading-title.elementor-size-large{font-size:29px}.elementor-widget-heading .elementor-heading-title.elementor-size-xl{font-size:39px}.elementor-widget-heading .elementor-heading-title.elementor-size-xxl{font-size:59px}<\/style><h2 class=\"elementor-heading-title elementor-size-default\">Das sagen die Daten<\/h2>\t\t<\/div>\n\t\t\t\t<\/div>\n\t\t\t\t\t<\/div>\n\t\t<\/div>\n\t\t\t\t\t\t\t<\/div>\n\t\t<\/section>\n\t\t\t\t<section class=\"elementor-section elementor-top-section elementor-element elementor-element-ed7c487 elementor-hidden-tablet elementor-hidden-mobile_extra elementor-hidden-mobile elementor-section-boxed elementor-section-height-default elementor-section-height-default\" data-id=\"ed7c487\" data-element_type=\"section\">\n\t\t\t\t\t\t<div class=\"elementor-container elementor-column-gap-default\">\n\t\t\t\t\t<div class=\"elementor-column elementor-col-50 elementor-top-column elementor-element elementor-element-7bc58f2\" data-id=\"7bc58f2\" data-element_type=\"column\">\n\t\t\t<div class=\"elementor-widget-wrap elementor-element-populated\">\n\t\t\t\t\t\t\t\t<div class=\"elementor-element elementor-element-2718fa0 elementor-widget elementor-widget-text-editor\" data-id=\"2718fa0\" data-element_type=\"widget\" data-widget_type=\"text-editor.default\">\n\t\t\t\t<div class=\"elementor-widget-container\">\n\t\t\t<style>\/*! elementor - v3.18.0 - 20-12-2023 *\/\n.elementor-widget-text-editor.elementor-drop-cap-view-stacked .elementor-drop-cap{background-color:#69727d;color:#fff}.elementor-widget-text-editor.elementor-drop-cap-view-framed .elementor-drop-cap{color:#69727d;border:3px solid;background-color:transparent}.elementor-widget-text-editor:not(.elementor-drop-cap-view-default) .elementor-drop-cap{margin-top:8px}.elementor-widget-text-editor:not(.elementor-drop-cap-view-default) .elementor-drop-cap-letter{width:1em;height:1em}.elementor-widget-text-editor .elementor-drop-cap{float:left;text-align:center;line-height:1;font-size:50px}.elementor-widget-text-editor .elementor-drop-cap-letter{display:inline-block}<\/style>\t\t\t\t<p><strong>Wie ist die aktuelle Situation in der Gefl\u00fcgelwirtschaft in der Europ\u00e4ischen Union? Wie viel Kilogramm Gefl\u00fcgelfleisch verzehren die Europ\u00e4er? Welches sind die 3 gr\u00f6\u00dften Gefl\u00fcgelerzeuger in der EU? Und die Top 3 beim Verbrauch? Welche Gefl\u00fcgelarten werden in der EU erzeugt? Hatte der Austritt des Vereinigten K\u00f6nigreichs aus der EU einen gro\u00dfen Einfluss auf die Zahlen des Sektors? M\u00f6chten Sie die Antwort auf diese Fragen wissen? Dann lesen Sie weiter!<\/strong><\/p><p>\u00a0<\/p><p>In diesem Artikel werden wir versuchen, all diese Fragen anhand offizieller Daten zu beantworten, die von der Europ\u00e4ischen Kommission in Zusammenarbeit mit verschiedenen internationalen Organisationen bereitgestellt werden.<\/p>\t\t\t\t\t\t<\/div>\n\t\t\t\t<\/div>\n\t\t\t\t\t<\/div>\n\t\t<\/div>\n\t\t\t\t<div class=\"elementor-column elementor-col-50 elementor-top-column elementor-element elementor-element-f3e7bc2\" data-id=\"f3e7bc2\" data-element_type=\"column\">\n\t\t\t<div class=\"elementor-widget-wrap elementor-element-populated\">\n\t\t\t\t\t\t\t\t<div class=\"elementor-element elementor-element-cecd771 elementor-widget elementor-widget-image\" data-id=\"cecd771\" data-element_type=\"widget\" data-widget_type=\"image.default\">\n\t\t\t\t<div class=\"elementor-widget-container\">\n\t\t\t<style>\/*! elementor - v3.18.0 - 20-12-2023 *\/\n.elementor-widget-image{text-align:center}.elementor-widget-image a{display:inline-block}.elementor-widget-image a img[src$=\".svg\"]{width:48px}.elementor-widget-image img{vertical-align:middle;display:inline-block}<\/style>\t\t\t\t\t\t\t\t\t\t\t\t<img fetchpriority=\"high\" decoding=\"async\" width=\"580\" height=\"387\" src=\"https:\/\/eu-poultry.eu\/wp-content\/uploads\/2022\/07\/RamonaHarkers_Stallansicht3-1024x684.jpg\" class=\"attachment-large size-large wp-image-6412\" alt=\"\" srcset=\"https:\/\/eu-poultry.eu\/wp-content\/uploads\/2022\/07\/RamonaHarkers_Stallansicht3-1024x684.jpg 1024w, https:\/\/eu-poultry.eu\/wp-content\/uploads\/2022\/07\/RamonaHarkers_Stallansicht3-300x200.jpg 300w, https:\/\/eu-poultry.eu\/wp-content\/uploads\/2022\/07\/RamonaHarkers_Stallansicht3-768x513.jpg 768w, https:\/\/eu-poultry.eu\/wp-content\/uploads\/2022\/07\/RamonaHarkers_Stallansicht3-1536x1025.jpg 1536w, https:\/\/eu-poultry.eu\/wp-content\/uploads\/2022\/07\/RamonaHarkers_Stallansicht3-2048x1367.jpg 2048w, https:\/\/eu-poultry.eu\/wp-content\/uploads\/2022\/07\/RamonaHarkers_Stallansicht3-1200x801.jpg 1200w, https:\/\/eu-poultry.eu\/wp-content\/uploads\/2022\/07\/RamonaHarkers_Stallansicht3-1980x1322.jpg 1980w\" sizes=\"(max-width: 580px) 100vw, 580px\" \/>\t\t\t\t\t\t\t\t\t\t\t\t\t\t\t<\/div>\n\t\t\t\t<\/div>\n\t\t\t\t<div class=\"elementor-element elementor-element-33f3704 elementor-widget elementor-widget-text-editor\" data-id=\"33f3704\" data-element_type=\"widget\" data-widget_type=\"text-editor.default\">\n\t\t\t\t<div class=\"elementor-widget-container\">\n\t\t\t\t\t\t\t<p>Image by Atlas Marketing Studio<\/p>\t\t\t\t\t\t<\/div>\n\t\t\t\t<\/div>\n\t\t\t\t\t<\/div>\n\t\t<\/div>\n\t\t\t\t\t\t\t<\/div>\n\t\t<\/section>\n\t\t\t\t<section class=\"elementor-section elementor-top-section elementor-element elementor-element-f3f3e14 elementor-hidden-widescreen elementor-hidden-desktop elementor-hidden-laptop elementor-hidden-tablet_extra elementor-section-boxed elementor-section-height-default elementor-section-height-default\" data-id=\"f3f3e14\" data-element_type=\"section\">\n\t\t\t\t\t\t<div class=\"elementor-container elementor-column-gap-default\">\n\t\t\t\t\t<div class=\"elementor-column elementor-col-100 elementor-top-column elementor-element elementor-element-7b3737b\" data-id=\"7b3737b\" data-element_type=\"column\">\n\t\t\t<div class=\"elementor-widget-wrap elementor-element-populated\">\n\t\t\t\t\t\t\t\t<div class=\"elementor-element elementor-element-1da80f2 elementor-widget elementor-widget-text-editor\" data-id=\"1da80f2\" data-element_type=\"widget\" data-widget_type=\"text-editor.default\">\n\t\t\t\t<div class=\"elementor-widget-container\">\n\t\t\t\t\t\t\t<p><strong>Wie ist die aktuelle Situation in der Gefl\u00fcgelwirtschaft in der Europ\u00e4ischen Union? Wie viel Kilogramm Gefl\u00fcgelfleisch verzehren die Europ\u00e4er? Welches sind die 3 gr\u00f6\u00dften Gefl\u00fcgelerzeuger in der EU? Und die Top 3 beim Verbrauch? Welche Gefl\u00fcgelarten werden in der EU erzeugt? Hatte der Austritt des Vereinigten K\u00f6nigreichs aus der EU einen gro\u00dfen Einfluss auf die Zahlen des Sektors? M\u00f6chten Sie die Antwort auf diese Fragen wissen? Dann lesen Sie weiter!<\/strong><\/p><p>\u00a0<\/p><p>In diesem Artikel werden wir versuchen, all diese Fragen anhand offizieller Daten zu beantworten, die von der Europ\u00e4ischen Kommission in Zusammenarbeit mit verschiedenen internationalen Organisationen bereitgestellt werden.<\/p>\t\t\t\t\t\t<\/div>\n\t\t\t\t<\/div>\n\t\t\t\t<div class=\"elementor-element elementor-element-d355097 elementor-widget elementor-widget-image\" data-id=\"d355097\" data-element_type=\"widget\" data-widget_type=\"image.default\">\n\t\t\t\t<div class=\"elementor-widget-container\">\n\t\t\t\t\t\t\t\t\t\t\t\t\t\t\t<img fetchpriority=\"high\" decoding=\"async\" width=\"580\" height=\"387\" src=\"https:\/\/eu-poultry.eu\/wp-content\/uploads\/2022\/07\/RamonaHarkers_Stallansicht3-1024x684.jpg\" class=\"attachment-large size-large wp-image-6412\" alt=\"\" srcset=\"https:\/\/eu-poultry.eu\/wp-content\/uploads\/2022\/07\/RamonaHarkers_Stallansicht3-1024x684.jpg 1024w, https:\/\/eu-poultry.eu\/wp-content\/uploads\/2022\/07\/RamonaHarkers_Stallansicht3-300x200.jpg 300w, https:\/\/eu-poultry.eu\/wp-content\/uploads\/2022\/07\/RamonaHarkers_Stallansicht3-768x513.jpg 768w, https:\/\/eu-poultry.eu\/wp-content\/uploads\/2022\/07\/RamonaHarkers_Stallansicht3-1536x1025.jpg 1536w, https:\/\/eu-poultry.eu\/wp-content\/uploads\/2022\/07\/RamonaHarkers_Stallansicht3-2048x1367.jpg 2048w, https:\/\/eu-poultry.eu\/wp-content\/uploads\/2022\/07\/RamonaHarkers_Stallansicht3-1200x801.jpg 1200w, https:\/\/eu-poultry.eu\/wp-content\/uploads\/2022\/07\/RamonaHarkers_Stallansicht3-1980x1322.jpg 1980w\" sizes=\"(max-width: 580px) 100vw, 580px\" \/>\t\t\t\t\t\t\t\t\t\t\t\t\t\t\t<\/div>\n\t\t\t\t<\/div>\n\t\t\t\t<div class=\"elementor-element elementor-element-560781e elementor-widget elementor-widget-text-editor\" data-id=\"560781e\" data-element_type=\"widget\" data-widget_type=\"text-editor.default\">\n\t\t\t\t<div class=\"elementor-widget-container\">\n\t\t\t\t\t\t\t<p>Image by Atlas Marketing Studio<\/p>\t\t\t\t\t\t<\/div>\n\t\t\t\t<\/div>\n\t\t\t\t\t<\/div>\n\t\t<\/div>\n\t\t\t\t\t\t\t<\/div>\n\t\t<\/section>\n\t\t\t\t<section class=\"elementor-section elementor-top-section elementor-element elementor-element-add52c0 elementor-section-boxed elementor-section-height-default elementor-section-height-default\" data-id=\"add52c0\" data-element_type=\"section\">\n\t\t\t\t\t\t<div class=\"elementor-container elementor-column-gap-default\">\n\t\t\t\t\t<div class=\"elementor-column elementor-col-100 elementor-top-column elementor-element elementor-element-755ac9d\" data-id=\"755ac9d\" data-element_type=\"column\">\n\t\t\t<div class=\"elementor-widget-wrap elementor-element-populated\">\n\t\t\t\t\t\t\t\t<div class=\"elementor-element elementor-element-b5560ff elementor-widget elementor-widget-text-editor\" data-id=\"b5560ff\" data-element_type=\"widget\" data-widget_type=\"text-editor.default\">\n\t\t\t\t<div class=\"elementor-widget-container\">\n\t\t\t\t\t\t\t<p>Verschaffen wir uns zun\u00e4chst einen \u00dcberblick \u00fcber die aktuelle Situation des Sektors und dessen Kennzahlen. In der folgenden Tabelle sind einige der wichtigsten Indikatoren f\u00fcr den Zeitraum 2016 bis 2020 zusammengefasst:<\/p>\t\t\t\t\t\t<\/div>\n\t\t\t\t<\/div>\n\t\t\t\t<div class=\"elementor-element elementor-element-7e3e7b3 elementor-widget elementor-widget-heading\" data-id=\"7e3e7b3\" data-element_type=\"widget\" data-widget_type=\"heading.default\">\n\t\t\t\t<div class=\"elementor-widget-container\">\n\t\t\t<h2 class=\"elementor-heading-title elementor-size-default\">EU28: Bilanz Gefl\u00fcgelfleisch ('000 Tonnen Schlachtk\u00f6rpergewicht)<\/h2>\t\t<\/div>\n\t\t\t\t<\/div>\n\t\t\t\t<div class=\"elementor-element elementor-element-9174b20 elementor-widget elementor-widget-text-editor\" data-id=\"9174b20\" data-element_type=\"widget\" data-widget_type=\"text-editor.default\">\n\t\t\t\t<div class=\"elementor-widget-container\">\n\t\t\t\t\t\t\t<table width=\"604\"><tbody><tr><td width=\"225\"><p>\u00a0<\/p><\/td><td width=\"77\"><p><strong>2016<\/strong><\/p><\/td><td width=\"76\"><p><strong>2017<\/strong><\/p><\/td><td width=\"76\"><p><strong>2018<\/strong><\/p><\/td><td width=\"76\"><p><strong>2019 <\/strong><strong>UE27 <\/strong><\/p><\/td><td width=\"76\"><p><strong>2020 <\/strong><strong>UE27 <\/strong><\/p><\/td><\/tr><tr><td width=\"225\"><p>Einheimische Bruttoerzeugung<\/p><\/td><td width=\"77\"><p>14,503<\/p><\/td><td width=\"76\"><p>14,564<\/p><\/td><td width=\"76\"><p>15,260<\/p><\/td><td width=\"76\"><p>13,478<\/p><\/td><td width=\"76\"><p>13,610<\/p><\/td><\/tr><tr><td width=\"225\"><p>Ausfuhr von Fleisch<\/p><\/td><td width=\"77\"><p>1,548<\/p><\/td><td width=\"76\"><p>1,532<\/p><\/td><td width=\"76\"><p>1,593<\/p><\/td><td width=\"76\"><p>2,487<\/p><\/td><td width=\"76\"><p>2,337<\/p><\/td><\/tr><tr><td width=\"225\"><p>Einfuhr von Fleisch<\/p><\/td><td width=\"77\"><p>882<\/p><\/td><td width=\"76\"><p>789<\/p><\/td><td width=\"76\"><p>802<\/p><\/td><td width=\"76\"><p>850<\/p><\/td><td width=\"76\"><p>748<\/p><\/td><\/tr><tr><td width=\"225\"><p>Verbrauch<\/p><\/td><td width=\"77\"><p>13,829<\/p><\/td><td width=\"76\"><p>13,817<\/p><\/td><td width=\"76\"><p>14,462<\/p><\/td><td width=\"76\"><p>11,834<\/p><\/td><td width=\"76\"><p>12,016<\/p><\/td><\/tr><tr><td width=\"225\"><p>Pro-Kopf-Verbrauch, kg<\/p><\/td><td width=\"77\"><p>23,8<\/p><\/td><td width=\"76\"><p>23,7<\/p><\/td><td width=\"76\"><p>24,8<\/p><\/td><td width=\"76\"><p>23,3<\/p><\/td><td width=\"76\"><p>23,6<\/p><\/td><\/tr><tr><td width=\"225\"><p>Selbstversorgung, %<\/p><\/td><td width=\"77\"><p>104,9<\/p><\/td><td width=\"76\"><p>105,5<\/p><\/td><td width=\"76\"><p>105,5<\/p><\/td><td width=\"76\"><p>113,9<\/p><\/td><td width=\"76\"><p>113,3<\/p><\/td><\/tr><\/tbody><\/table><p>Quelle: EU-Kommission.<\/p>\t\t\t\t\t\t<\/div>\n\t\t\t\t<\/div>\n\t\t\t\t<div class=\"elementor-element elementor-element-daa0ff0 elementor-widget elementor-widget-text-editor\" data-id=\"daa0ff0\" data-element_type=\"widget\" data-widget_type=\"text-editor.default\">\n\t\t\t\t<div class=\"elementor-widget-container\">\n\t\t\t\t\t\t\t<p>Wie aus der Tabelle hervorgeht, ist von 2019 bis 2020 ein positiver Trend zu verzeichnen, der sowohl bei den Produktions- als auch bei den Verbrauchszahlen Anlass zu Optimismus gibt. So stieg die Produktion im Jahr 2020 um 1 % auf 13,61 Millionen Tonnen. Der Verbrauch stieg von 11,83 Mio. Tonnen auf 12,01 Mio. Tonnen, was einem Pro-Kopf-Verbrauch von 23,6 kg im Jahr 2020 entspricht.<\/p><p>\u00a0<\/p><p>Nach dem Austritt des Vereinigten K\u00f6nigreichs aus der Europ\u00e4ischen Union im Jahr 2019 kam es jedoch zu einer deutlichen Ver\u00e4nderung der positiven Trends der letzten Jahre.<\/p><p>\u00a0<\/p><p>Zu den wichtigsten Gefl\u00fcgelfleischerzeugern in der Europ\u00e4ischen Union geh\u00f6ren Polen (19 % der Gesamtproduktion), Frankreich (13 % der Gesamtproduktion), Spanien und Deutschland (jeweils 12 %). Zusammen mit Italien (10 %) entfallen auf diese L\u00e4nder 73 % der gesamten EU-Erzeugung im Jahr 2021 (DG AGRI EU Agricultural Outlook).<\/p>\t\t\t\t\t\t<\/div>\n\t\t\t\t<\/div>\n\t\t\t\t<div class=\"elementor-element elementor-element-7792e67 elementor-widget elementor-widget-heading\" data-id=\"7792e67\" data-element_type=\"widget\" data-widget_type=\"heading.default\">\n\t\t\t\t<div class=\"elementor-widget-container\">\n\t\t\t<h2 class=\"elementor-heading-title elementor-size-default\">EU-27-Erzeugung von Gefl\u00fcgelfleisch nach Art<\/h2>\t\t<\/div>\n\t\t\t\t<\/div>\n\t\t\t\t<div class=\"elementor-element elementor-element-94946a5 elementor-widget elementor-widget-image\" data-id=\"94946a5\" data-element_type=\"widget\" data-widget_type=\"image.default\">\n\t\t\t\t<div class=\"elementor-widget-container\">\n\t\t\t\t\t\t\t\t\t\t\t\t\t\t\t<img decoding=\"async\" width=\"580\" height=\"359\" src=\"https:\/\/eu-poultry.eu\/wp-content\/uploads\/2022\/07\/Eu-27-production-of-poultry-meat-1024x633.png\" class=\"attachment-large size-large wp-image-6449\" alt=\"\" srcset=\"https:\/\/eu-poultry.eu\/wp-content\/uploads\/2022\/07\/Eu-27-production-of-poultry-meat-1024x633.png 1024w, https:\/\/eu-poultry.eu\/wp-content\/uploads\/2022\/07\/Eu-27-production-of-poultry-meat-300x186.png 300w, https:\/\/eu-poultry.eu\/wp-content\/uploads\/2022\/07\/Eu-27-production-of-poultry-meat-768x475.png 768w, https:\/\/eu-poultry.eu\/wp-content\/uploads\/2022\/07\/Eu-27-production-of-poultry-meat.png 1200w\" sizes=\"(max-width: 580px) 100vw, 580px\" \/>\t\t\t\t\t\t\t\t\t\t\t\t\t\t\t<\/div>\n\t\t\t\t<\/div>\n\t\t\t\t<div class=\"elementor-element elementor-element-18dca4f elementor-widget elementor-widget-text-editor\" data-id=\"18dca4f\" data-element_type=\"widget\" data-widget_type=\"text-editor.default\">\n\t\t\t\t<div class=\"elementor-widget-container\">\n\t\t\t\t\t\t\t<p>Quelle: <a style=\"color: #808080;\" href=\"https:\/\/ec.europa.eu\/info\/sites\/default\/files\/food-farming-fisheries\/farming\/documents\/poultry-meat-dashboard_en.pdf\">EC Europa<\/a><\/p>\t\t\t\t\t\t<\/div>\n\t\t\t\t<\/div>\n\t\t\t\t<div class=\"elementor-element elementor-element-c2715dc elementor-widget elementor-widget-text-editor\" data-id=\"c2715dc\" data-element_type=\"widget\" data-widget_type=\"text-editor.default\">\n\t\t\t\t<div class=\"elementor-widget-container\">\n\t\t\t\t\t\t\t<p>Was die Art des in der EU erzeugten Gefl\u00fcgels betrifft, so entfallen 82 % der europ\u00e4ischen Gefl\u00fcgelproduktion auf Masth\u00e4hnchen, 14 % der Gesamtproduktion auf Puten, 3 % auf Enten und 1 % auf andere Arten(Enten, Perlh\u00fchner, Wachteln).<\/p>\t\t\t\t\t\t<\/div>\n\t\t\t\t<\/div>\n\t\t\t\t<div class=\"elementor-element elementor-element-2c238ed elementor-widget elementor-widget-heading\" data-id=\"2c238ed\" data-element_type=\"widget\" data-widget_type=\"heading.default\">\n\t\t\t\t<div class=\"elementor-widget-container\">\n\t\t\t<h2 class=\"elementor-heading-title elementor-size-default\">Ausfuhr von Gefl\u00fcgelfleisch aus der EU28 in Drittl\u00e4nder<\/h2>\t\t<\/div>\n\t\t\t\t<\/div>\n\t\t\t\t<div class=\"elementor-element elementor-element-a16d348 elementor-widget elementor-widget-image\" data-id=\"a16d348\" data-element_type=\"widget\" data-widget_type=\"image.default\">\n\t\t\t\t<div class=\"elementor-widget-container\">\n\t\t\t\t\t\t\t\t\t\t\t\t\t\t\t<img decoding=\"async\" width=\"580\" height=\"201\" src=\"https:\/\/eu-poultry.eu\/wp-content\/uploads\/2022\/07\/poultry-erat-by-EU28-1024x355.png\" class=\"attachment-large size-large wp-image-6444\" alt=\"\" srcset=\"https:\/\/eu-poultry.eu\/wp-content\/uploads\/2022\/07\/poultry-erat-by-EU28-1024x355.png 1024w, https:\/\/eu-poultry.eu\/wp-content\/uploads\/2022\/07\/poultry-erat-by-EU28-300x104.png 300w, https:\/\/eu-poultry.eu\/wp-content\/uploads\/2022\/07\/poultry-erat-by-EU28-768x266.png 768w, https:\/\/eu-poultry.eu\/wp-content\/uploads\/2022\/07\/poultry-erat-by-EU28-1200x416.png 1200w, https:\/\/eu-poultry.eu\/wp-content\/uploads\/2022\/07\/poultry-erat-by-EU28.png 1240w\" sizes=\"(max-width: 580px) 100vw, 580px\" \/>\t\t\t\t\t\t\t\t\t\t\t\t\t\t\t<\/div>\n\t\t\t\t<\/div>\n\t\t\t\t<div class=\"elementor-element elementor-element-48ba56a elementor-widget elementor-widget-text-editor\" data-id=\"48ba56a\" data-element_type=\"widget\" data-widget_type=\"text-editor.default\">\n\t\t\t\t<div class=\"elementor-widget-container\">\n\t\t\t\t\t\t\t<p>Quelle: MEG an Eurostat und nationale Statistiken.<\/p>\t\t\t\t\t\t<\/div>\n\t\t\t\t<\/div>\n\t\t\t\t<div class=\"elementor-element elementor-element-1248a4a elementor-widget elementor-widget-text-editor\" data-id=\"1248a4a\" data-element_type=\"widget\" data-widget_type=\"text-editor.default\">\n\t\t\t\t<div class=\"elementor-widget-container\">\n\t\t\t\t\t\t\t<p>Dieses Diagramm zeigt die Entwicklung der Gefl\u00fcgelfleischausfuhren einschlie\u00dflich des Vereinigten K\u00f6nigreichs. Wie zu sehen ist, beliefen sich die Ausfuhren im Jahr 2020 auf insgesamt 1,68 Millionen Tonnen, was einen Aufw\u00e4rtstrend seit 2016 best\u00e4tigt.<\/p><p>\u00a0<\/p><p>Seit dem Austritt des Vereinigten K\u00f6nigreichs aus der EU sind die Ausfuhren von Gefl\u00fcgelfleisch jedoch auf 1,52 Millionen Tonnen im Jahr 2021 zur\u00fcckgegangen. Trotzdem bleibt die EU der drittgr\u00f6\u00dfte Exporteur der Welt hinter den Vereinigten Staaten und Brasilien (Eurostat).<\/p><p>\u00a0<\/p><p>Zu den wichtigsten Gefl\u00fcgelfleischexporteuren in der EU geh\u00f6ren die Niederlande, Polen, Belgien, Deutschland, Frankreich und Spanien.<\/p><p>\u00a0<\/p><p>Einige der wichtigsten EU-Exportziele au\u00dferhalb der EU sind das Vereinigte K\u00f6nigreich, Ghana, die Ukraine, Kuba und Benin. Von Januar bis M\u00e4rz 2022 beliefen sich die europ\u00e4ischen Gefl\u00fcgelfleischausfuhren in diese L\u00e4nder auf 116.500, 41.690, 26.830, 18.280 bzw. 16.590 Tonnen (Eurostat).<\/p><p>Nach Angaben des Ausblicks der Kommission auf Trends ist Gefl\u00fcgel die einzige Fleischkategorie, deren Erzeugung w\u00e4hrend der Corona-Pandemie zugenommen hat und die einzige, f\u00fcr die zwischen 2020 und 2030 ein Wachstum erwartet wird. Der Gefl\u00fcgelfleischverbrauch in der EU wird im Jahr 2030 voraussichtlich 24,6 kg pro Kopf erreichen (+1,2 kg im Vergleich zu 2020), da Gefl\u00fcgel als erschwingliche und hochwertige Proteinquelle angesehen wird .<\/p><p>Zusammenfassend l\u00e4sst sich sagen, dass die europ\u00e4ische Gefl\u00fcgelwirtschaft in puncto Produktion, Verbrauch und Ausfuhren f\u00fcr Gegenwart und Zukunft positive und Trends zeigt. Nachhaltigkeit wird eine Schl\u00fcsselrolle bei Kaufentscheidungen spielen. Daher ist es von entscheidender Bedeutung, den Verbrauchern im Einklang mit den europ\u00e4ischen Strategien \u201eVom Erzeuger zum Verbraucher\u201c und \u201eGr\u00fcner Deal\u201c den konstanten Beitrag zur \u00f6kologischen, sozialen und wirtschaftlichen Nachhaltigkeit zu vermitteln. Damit wird aufgezeigt, dass europ\u00e4isches Gefl\u00fcgel eine kluge Kaufentscheidung ist und nachhaltig gut f\u00fcr Sie und die Erde ist.<\/p>\t\t\t\t\t\t<\/div>\n\t\t\t\t<\/div>\n\t\t\t\t<div class=\"elementor-element elementor-element-f85411d elementor-widget elementor-widget-heading\" data-id=\"f85411d\" data-element_type=\"widget\" data-widget_type=\"heading.default\">\n\t\t\t\t<div class=\"elementor-widget-container\">\n\t\t\t<h2 class=\"elementor-heading-title elementor-size-default\">F\u00f6rderprogramm zur Information \u00fcber die nachhaltige europ\u00e4ische Gefl\u00fcgelwirtschaft<\/h2>\t\t<\/div>\n\t\t\t\t<\/div>\n\t\t\t\t<div class=\"elementor-element elementor-element-5278da2 elementor-widget elementor-widget-text-editor\" data-id=\"5278da2\" data-element_type=\"widget\" data-widget_type=\"text-editor.default\">\n\t\t\t\t<div class=\"elementor-widget-container\">\n\t\t\t\t\t\t\t<p>SUST EU POULTRY ist eine zweij\u00e4hrige Sensibilisierungskampagne, die von der Europ\u00e4ischen Kommission unterst\u00fctzt und von drei nationalen Gefl\u00fcgelverb\u00e4nden und ihrem europ\u00e4ischen Dachverband (aus Deutschland, Frankreich und Spanien) ins Leben gerufen wurde. Hauptziel ist es, das Bewusstsein der europ\u00e4ischen Verbraucher und Fachleute f\u00fcr die Nachhaltigkeit der europ\u00e4ische Gefl\u00fcgelwirtschaft und f\u00fcr ein hochwertiges Erzeugnis zu sch\u00e4rfen.<\/p><p>\u00a0<\/p><p>Weitere Informationen \u00fcber das Projekt finden Sie hier<\/p><p>Mehr \u00fcber die Nachhaltigkeit des Sektors erfahren Sie, wenn Sie hier unsere Pressemappe herunterladen.<\/p>\t\t\t\t\t\t<\/div>\n\t\t\t\t<\/div>\n\t\t\t\t<div class=\"elementor-element elementor-element-809b823 elementor-align-center elementor-widget elementor-widget-button\" data-id=\"809b823\" data-element_type=\"widget\" data-widget_type=\"button.default\">\n\t\t\t\t<div class=\"elementor-widget-container\">\n\t\t\t\t\t<div class=\"elementor-button-wrapper\">\n\t\t\t<a class=\"elementor-button elementor-button-link elementor-size-lg\" href=\"https:\/\/eu-poultry.eu\/wp-content\/uploads\/2022\/07\/ENG-Press-Kit-SUST_EU_POULTRY-2706-no-QR.pdf\" target=\"_blank\">\n\t\t\t\t\t\t<span class=\"elementor-button-content-wrapper\">\n\t\t\t\t\t\t<span class=\"elementor-button-text\">Pressemappe herunterladen<\/span>\n\t\t<\/span>\n\t\t\t\t\t<\/a>\n\t\t<\/div>\n\t\t\t\t<\/div>\n\t\t\t\t<\/div>\n\t\t\t\t<div class=\"elementor-element elementor-element-1d54c2f elementor-widget elementor-widget-text-editor\" data-id=\"1d54c2f\" data-element_type=\"widget\" data-widget_type=\"text-editor.default\">\n\t\t\t\t<div class=\"elementor-widget-container\">\n\t\t\t\t\t\t\t<p><strong>Zus\u00e4tzliche Informationen<\/strong><\/p><table style=\"height: 215px;\" width=\"601\"><tbody><tr><td width=\"305\"><p><strong>PRESSEKONTAKT<\/strong><\/p><p><strong>Ana Mar\u00eda Mart\u00edn<\/strong><\/p><p>ATLAS MARKETING STUDIO<\/p><p>internacional@atlasmarketingstudio.com<\/p><\/td><td width=\"305\"><p><strong>CONTACT AVEC<\/strong><\/p><p><strong>Federica Chiarella<\/strong><\/p><p>AVEC SECRETARIAT<\/p><p>fc@avec-poultry.eu<\/p><\/td><\/tr><\/tbody><\/table><p>Der Inhalt dieser Werbung gibt ausschlie\u00dflich die Meinung des Autors wieder und liegt in dessen alleiniger Verantwortung.<br \/>Die Europ\u00e4ische Kommission \u00fcbernimmt keine Verantwortung f\u00fcr die Verwendung der hierin enthaltenen Informationen.<\/p>\t\t\t\t\t\t<\/div>\n\t\t\t\t<\/div>\n\t\t\t\t\t<\/div>\n\t\t<\/div>\n\t\t\t\t\t\t\t<\/div>\n\t\t<\/section>\n\t\t\t\t\t\t\t<\/div>\n\t\t","protected":false},"excerpt":{"rendered":"<p>Das sagen die Daten Wie ist die aktuelle Situation in der Gefl\u00fcgelwirtschaft in der Europ\u00e4ischen Union? Wie viel Kilogramm Gefl\u00fcgelfleisch verzehren die Europ\u00e4er? Welches sind die 3 gr\u00f6\u00dften Gefl\u00fcgelerzeuger in der EU? Und die Top 3 beim Verbrauch? Welche Gefl\u00fcgelarten werden in der EU erzeugt? Hatte der Austritt des Vereinigten K\u00f6nigreichs aus der EU einen [&hellip;]<\/p>\n","protected":false},"author":1,"featured_media":6435,"comment_status":"open","ping_status":"open","sticky":false,"template":"elementor_header_footer","format":"standard","meta":{"wprm-recipe-roundup-name":"","wprm-recipe-roundup-description":"","footnotes":""},"categories":[1311],"tags":[],"_links":{"self":[{"href":"https:\/\/eu-poultry.eu\/de\/wp-json\/wp\/v2\/posts\/6592"}],"collection":[{"href":"https:\/\/eu-poultry.eu\/de\/wp-json\/wp\/v2\/posts"}],"about":[{"href":"https:\/\/eu-poultry.eu\/de\/wp-json\/wp\/v2\/types\/post"}],"author":[{"embeddable":true,"href":"https:\/\/eu-poultry.eu\/de\/wp-json\/wp\/v2\/users\/1"}],"replies":[{"embeddable":true,"href":"https:\/\/eu-poultry.eu\/de\/wp-json\/wp\/v2\/comments?post=6592"}],"version-history":[{"count":10,"href":"https:\/\/eu-poultry.eu\/de\/wp-json\/wp\/v2\/posts\/6592\/revisions"}],"predecessor-version":[{"id":8811,"href":"https:\/\/eu-poultry.eu\/de\/wp-json\/wp\/v2\/posts\/6592\/revisions\/8811"}],"wp:featuredmedia":[{"embeddable":true,"href":"https:\/\/eu-poultry.eu\/de\/wp-json\/wp\/v2\/media\/6435"}],"wp:attachment":[{"href":"https:\/\/eu-poultry.eu\/de\/wp-json\/wp\/v2\/media?parent=6592"}],"wp:term":[{"taxonomy":"category","embeddable":true,"href":"https:\/\/eu-poultry.eu\/de\/wp-json\/wp\/v2\/categories?post=6592"},{"taxonomy":"post_tag","embeddable":true,"href":"https:\/\/eu-poultry.eu\/de\/wp-json\/wp\/v2\/tags?post=6592"}],"curies":[{"name":"wp","href":"https:\/\/api.w.org\/{rel}","templated":true}]}}